{"id":1382,"date":"2021-04-14T08:51:46","date_gmt":"2021-04-14T08:51:46","guid":{"rendered":"https:\/\/www.olaberrikoroimenhistorikoa.eus\/?p=1382"},"modified":"2021-04-14T08:51:46","modified_gmt":"2021-04-14T08:51:46","slug":"hitzaldiak-inaki-egana-gerra-zibilaren-ondoriak-goierrin-frankismoaren-errepresioa-gerraostean-es","status":"publish","type":"post","link":"https:\/\/www.olaberrikoroimenhistorikoa.eus\/index.php\/es\/2021\/04\/14\/hitzaldiak-inaki-egana-gerra-zibilaren-ondoriak-goierrin-frankismoaren-errepresioa-gerraostean-es\/","title":{"rendered":"Hitzaldiak: I\u00f1aki Ega\u00f1a. Gerra zibilaren ondoriak Goierrin: frankismoaren errepresioa gerraostean ES"},"content":{"rendered":"\t\t<div data-elementor-type=\"wp-post\" data-elementor-id=\"1382\" class=\"elementor elementor-1382\">\n\t\t\t\t\t\t<section class=\"elementor-section elementor-top-section elementor-element elementor-element-bbf0391 elementor-section-boxed elementor-section-height-default elementor-section-height-default\" data-id=\"bbf0391\" data-element_type=\"section\">\n\t\t\t\t\t\t<div class=\"elementor-container elementor-column-gap-default\">\n\t\t\t\t\t<div class=\"elementor-column elementor-col-100 elementor-top-column elementor-element elementor-element-3af4b4d\" data-id=\"3af4b4d\" data-element_type=\"column\">\n\t\t\t<div class=\"elementor-widget-wrap elementor-element-populated\">\n\t\t\t\t\t\t<div class=\"elementor-element elementor-element-aff4105 elementor-widget elementor-widget-text-editor\" data-id=\"aff4105\" data-element_type=\"widget\" data-widget_type=\"text-editor.default\">\n\t\t\t\t<div class=\"elementor-widget-container\">\n\t\t\t\t\t\t\t<p>La charla ir\u00e1 acompa\u00f1ada de un diaporama compuesto por Adri\u00e1n Fajardo con im\u00e1genes que recordar\u00e1n la vida en \u201cYurre\u201d entre los a\u00f1os 50 y 70.<\/p><p>5 de Marzo, 18:00h.<br \/>Ihurre (gimnasio)<\/p><p>La inscripci\u00f3n a trav\u00e9s del tel\u00e9fono 681175113 antes del 26 de febrero, indicando A o B.<\/p>\t\t\t\t\t\t<\/div>\n\t\t\t\t<\/div>\n\t\t\t\t\t<\/div>\n\t\t<\/div>\n\t\t\t\t\t<\/div>\n\t\t<\/section>\n\t\t\t\t<\/div>\n\t\t","protected":false},"excerpt":{"rendered":"<p>La charla ir\u00e1 acompa\u00f1ada de un diaporama compuesto por Adri\u00e1n Fajardo con im\u00e1genes que recordar\u00e1n la vida en \u201cYurre\u201d entre los a\u00f1os 50 y 70. 5 de Marzo, 18:00h. Ihurre (gimnasio) La inscripci\u00f3n a trav\u00e9s del tel\u00e9fono 681175113 antes del 26 de febrero, indicando A o B.<\/p>\n","protected":false},"author":1,"featured_media":1054,"comment_status":"closed","ping_status":"open","sticky":false,"template":"","format":"standard","meta":{"footnotes":""},"categories":[1],"tags":[],"_links":{"self":[{"href":"https:\/\/www.olaberrikoroimenhistorikoa.eus\/index.php\/wp-json\/wp\/v2\/posts\/1382"}],"collection":[{"href":"https:\/\/www.olaberrikoroimenhistorikoa.eus\/index.php\/wp-json\/wp\/v2\/posts"}],"about":[{"href":"https:\/\/www.olaberrikoroimenhistorikoa.eus\/index.php\/wp-json\/wp\/v2\/types\/post"}],"author":[{"embeddable":true,"href":"https:\/\/www.olaberrikoroimenhistorikoa.eus\/index.php\/wp-json\/wp\/v2\/users\/1"}],"replies":[{"embeddable":true,"href":"https:\/\/www.olaberrikoroimenhistorikoa.eus\/index.php\/wp-json\/wp\/v2\/comments?post=1382"}],"version-history":[{"count":1,"href":"https:\/\/www.olaberrikoroimenhistorikoa.eus\/index.php\/wp-json\/wp\/v2\/posts\/1382\/revisions"}],"predecessor-version":[{"id":1383,"href":"https:\/\/www.olaberrikoroimenhistorikoa.eus\/index.php\/wp-json\/wp\/v2\/posts\/1382\/revisions\/1383"}],"wp:featuredmedia":[{"embeddable":true,"href":"https:\/\/www.olaberrikoroimenhistorikoa.eus\/index.php\/wp-json\/wp\/v2\/media\/1054"}],"wp:attachment":[{"href":"https:\/\/www.olaberrikoroimenhistorikoa.eus\/index.php\/wp-json\/wp\/v2\/media?parent=1382"}],"wp:term":[{"taxonomy":"category","embeddable":true,"href":"https:\/\/www.olaberrikoroimenhistorikoa.eus\/index.php\/wp-json\/wp\/v2\/categories?post=1382"},{"taxonomy":"post_tag","embeddable":true,"href":"https:\/\/www.olaberrikoroimenhistorikoa.eus\/index.php\/wp-json\/wp\/v2\/tags?post=1382"}],"curies":[{"name":"wp","href":"https:\/\/api.w.org\/{rel}","templated":true}]}}