{"id":1384,"date":"2021-04-14T08:52:43","date_gmt":"2021-04-14T08:52:43","guid":{"rendered":"https:\/\/www.olaberrikoroimenhistorikoa.eus\/?p=1384"},"modified":"2021-04-14T08:53:31","modified_gmt":"2021-04-14T08:53:31","slug":"hitzaldiak-josu-chueca-mugas-de-ayer-vallas-de-hoy-migraciones-exilios-acogidas-y-rechazos-en-la-europa-contemporanea-es","status":"publish","type":"post","link":"https:\/\/www.olaberrikoroimenhistorikoa.eus\/index.php\/es\/2021\/04\/14\/hitzaldiak-josu-chueca-mugas-de-ayer-vallas-de-hoy-migraciones-exilios-acogidas-y-rechazos-en-la-europa-contemporanea-es\/","title":{"rendered":"Hitzaldiak: Josu Chueca. Mugas de ayer, vallas de hoy: migraciones, exilios, acogidas y rechazos en la Europa contempor\u00e1nea ES"},"content":{"rendered":"\t\t<div data-elementor-type=\"wp-post\" data-elementor-id=\"1384\" class=\"elementor elementor-1384\">\n\t\t\t\t\t\t<section class=\"elementor-section elementor-top-section elementor-element elementor-element-3c28fcd0 elementor-section-boxed elementor-section-height-default elementor-section-height-default\" data-id=\"3c28fcd0\" data-element_type=\"section\">\n\t\t\t\t\t\t<div class=\"elementor-container elementor-column-gap-default\">\n\t\t\t\t\t<div class=\"elementor-column elementor-col-100 elementor-top-column elementor-element elementor-element-121fdcee\" data-id=\"121fdcee\" data-element_type=\"column\">\n\t\t\t<div class=\"elementor-widget-wrap elementor-element-populated\">\n\t\t\t\t\t\t<div class=\"elementor-element elementor-element-5248942f elementor-widget elementor-widget-text-editor\" data-id=\"5248942f\" data-element_type=\"widget\" data-widget_type=\"text-editor.default\">\n\t\t\t\t<div class=\"elementor-widget-container\">\n\t\t\t\t\t\t\t<!-- wp:paragraph -->\n<p><\/p>\n<!-- \/wp:paragraph -->\n\n<!-- wp:paragraph -->\n<p><\/p>\n<!-- \/wp:paragraph -->\t\t\t\t\t\t<\/div>\n\t\t\t\t<\/div>\n\t\t\t\t\t<\/div>\n\t\t<\/div>\n\t\t\t\t\t<\/div>\n\t\t<\/section>\n\t\t\t\t<section class=\"elementor-section elementor-top-section elementor-element elementor-element-edd2548 elementor-section-boxed elementor-section-height-default elementor-section-height-default\" data-id=\"edd2548\" data-element_type=\"section\">\n\t\t\t\t\t\t<div class=\"elementor-container elementor-column-gap-default\">\n\t\t\t\t\t<div class=\"elementor-column elementor-col-100 elementor-top-column elementor-element elementor-element-384d5d0\" data-id=\"384d5d0\" data-element_type=\"column\">\n\t\t\t<div class=\"elementor-widget-wrap elementor-element-populated\">\n\t\t\t\t\t\t<div class=\"elementor-element elementor-element-727c194 elementor-widget elementor-widget-text-editor\" data-id=\"727c194\" data-element_type=\"widget\" data-widget_type=\"text-editor.default\">\n\t\t\t\t<div class=\"elementor-widget-container\">\n\t\t\t\t\t\t\t<p>La charla ir\u00e1 acompa\u00f1ada de un diaporama compuesto por Adri\u00e1n Fajardo con im\u00e1genes que recordar\u00e1n la vida en &#8220;Yurre&#8221; entre los a\u00f1os 50 y 70.<\/p>\n<p>5 de Marzo, 18:00h.<br \/>Ihurre (gimnasio)<\/p>\n<p>La inscripci\u00f3n a trav\u00e9s del tel\u00e9fono 681175113 antes del 26 de febrero, indicando A o B.<\/p>\n<p>\u00a0<\/p>\t\t\t\t\t\t<\/div>\n\t\t\t\t<\/div>\n\t\t\t\t\t<\/div>\n\t\t<\/div>\n\t\t\t\t\t<\/div>\n\t\t<\/section>\n\t\t\t\t<section class=\"elementor-section elementor-top-section elementor-element elementor-element-66f1b3c elementor-section-boxed elementor-section-height-default elementor-section-height-default\" data-id=\"66f1b3c\" data-element_type=\"section\">\n\t\t\t\t\t\t<div class=\"elementor-container elementor-column-gap-default\">\n\t\t\t\t\t<div class=\"elementor-column elementor-col-100 elementor-top-column elementor-element elementor-element-430f198\" data-id=\"430f198\" data-element_type=\"column\">\n\t\t\t<div class=\"elementor-widget-wrap elementor-element-populated\">\n\t\t\t\t\t\t<div class=\"elementor-element elementor-element-9b71637 elementor-tabs-view-horizontal elementor-widget elementor-widget-tabs\" data-id=\"9b71637\" data-element_type=\"widget\" data-widget_type=\"tabs.default\">\n\t\t\t\t<div class=\"elementor-widget-container\">\n\t\t\t\t\t<div class=\"elementor-tabs\">\n\t\t\t<div class=\"elementor-tabs-wrapper\" role=\"tablist\" >\n\t\t\t\t\t\t\t\t\t<div id=\"elementor-tab-title-1621\" class=\"elementor-tab-title elementor-tab-desktop-title\" aria-selected=\"true\" data-tab=\"1\" role=\"tab\" tabindex=\"0\" aria-controls=\"elementor-tab-content-1621\" aria-expanded=\"false\">Noticias relacionadas<\/div>\n\t\t\t\t\t\t\t<\/div>\n\t\t\t<div class=\"elementor-tabs-content-wrapper\" role=\"tablist\" aria-orientation=\"vertical\">\n\t\t\t\t\t\t\t\t\t<div class=\"elementor-tab-title elementor-tab-mobile-title\" aria-selected=\"true\" data-tab=\"1\" role=\"tab\" tabindex=\"0\" aria-controls=\"elementor-tab-content-1621\" aria-expanded=\"false\">Noticias relacionadas<\/div>\n\t\t\t\t\t<div id=\"elementor-tab-content-1621\" class=\"elementor-tab-content elementor-clearfix\" data-tab=\"1\" role=\"tabpanel\" aria-labelledby=\"elementor-tab-title-1621\" tabindex=\"0\" hidden=\"false\"><p><a href=\"https:\/\/www.diariovasco.com\/tolosa-goierri\/olargi-aranzadi-organizado-20210212001602-ntvo.html\">Olargi y Aranzadi han organizado dos charlas en Olaberria | El Diario Vasco<\/a><\/p><\/div>\n\t\t\t\t\t\t\t<\/div>\n\t\t<\/div>\n\t\t\t\t<\/div>\n\t\t\t\t<\/div>\n\t\t\t\t\t<\/div>\n\t\t<\/div>\n\t\t\t\t\t<\/div>\n\t\t<\/section>\n\t\t\t\t<\/div>\n\t\t","protected":false},"excerpt":{"rendered":"<p>La charla ir\u00e1 acompa\u00f1ada de un diaporama compuesto por Adri\u00e1n Fajardo con im\u00e1genes que recordar\u00e1n la vida en &#8220;Yurre&#8221; entre los a\u00f1os 50 y 70. 5 de Marzo, 18:00h.Ihurre (gimnasio) La inscripci\u00f3n a trav\u00e9s del tel\u00e9fono 681175113 antes del 26 de febrero, indicando A o B. Noticias relacionadas Noticias relacionadas Olargi y Aranzadi han organizado [&hellip;]<\/p>\n","protected":false},"author":1,"featured_media":1050,"comment_status":"closed","ping_status":"open","sticky":false,"template":"","format":"standard","meta":{"footnotes":""},"categories":[1],"tags":[],"_links":{"self":[{"href":"https:\/\/www.olaberrikoroimenhistorikoa.eus\/index.php\/wp-json\/wp\/v2\/posts\/1384"}],"collection":[{"href":"https:\/\/www.olaberrikoroimenhistorikoa.eus\/index.php\/wp-json\/wp\/v2\/posts"}],"about":[{"href":"https:\/\/www.olaberrikoroimenhistorikoa.eus\/index.php\/wp-json\/wp\/v2\/types\/post"}],"author":[{"embeddable":true,"href":"https:\/\/www.olaberrikoroimenhistorikoa.eus\/index.php\/wp-json\/wp\/v2\/users\/1"}],"replies":[{"embeddable":true,"href":"https:\/\/www.olaberrikoroimenhistorikoa.eus\/index.php\/wp-json\/wp\/v2\/comments?post=1384"}],"version-history":[{"count":2,"href":"https:\/\/www.olaberrikoroimenhistorikoa.eus\/index.php\/wp-json\/wp\/v2\/posts\/1384\/revisions"}],"predecessor-version":[{"id":1386,"href":"https:\/\/www.olaberrikoroimenhistorikoa.eus\/index.php\/wp-json\/wp\/v2\/posts\/1384\/revisions\/1386"}],"wp:featuredmedia":[{"embeddable":true,"href":"https:\/\/www.olaberrikoroimenhistorikoa.eus\/index.php\/wp-json\/wp\/v2\/media\/1050"}],"wp:attachment":[{"href":"https:\/\/www.olaberrikoroimenhistorikoa.eus\/index.php\/wp-json\/wp\/v2\/media?parent=1384"}],"wp:term":[{"taxonomy":"category","embeddable":true,"href":"https:\/\/www.olaberrikoroimenhistorikoa.eus\/index.php\/wp-json\/wp\/v2\/categories?post=1384"},{"taxonomy":"post_tag","embeddable":true,"href":"https:\/\/www.olaberrikoroimenhistorikoa.eus\/index.php\/wp-json\/wp\/v2\/tags?post=1384"}],"curies":[{"name":"wp","href":"https:\/\/api.w.org\/{rel}","templated":true}]}}